{"id":53,"date":"2014-03-07T00:56:52","date_gmt":"2014-03-06T22:56:52","guid":{"rendered":"http:\/\/jule-pape.de\/esther\/?p=53"},"modified":"2014-03-07T00:56:52","modified_gmt":"2014-03-06T22:56:52","slug":"ironien","status":"publish","type":"post","link":"http:\/\/jule-pape.de\/esther\/ironien\/","title":{"rendered":"Ironien"},"content":{"rendered":"<p>Ironien sind \u00fcber die ganze Handlung von Ester hinweg verteilt. In der Tat musst du noch nicht einmal auf das n\u00e4chste Kapitel warten. Du solltest jetzt schon mindestens eine Ironie zum Aufschreiben haben: Xerxes befahl anderen Ehem\u00e4nnern etwas, was er selbst nicht in der Lage war, zu tun.<\/p>\n","protected":false},"excerpt":{"rendered":"<p>Ironien sind \u00fcber die ganze Handlung von Ester hinweg verteilt. In der Tat musst du noch nicht einmal auf das n\u00e4chste Kapitel warten. Du solltest jetzt schon mindestens eine Ironie zum Aufschreiben haben: Xerxes befahl anderen Ehem\u00e4nnern etwas, was er selbst nicht in der Lage war, zu tun.<\/p>\n","protected":false},"author":1,"featured_media":0,"comment_status":"closed","ping_status":"closed","sticky":false,"template":"","format":"standard","meta":{"footnotes":""},"categories":[6],"tags":[],"class_list":["post-53","post","type-post","status-publish","format-standard","hentry","category-purim"],"_links":{"self":[{"href":"http:\/\/jule-pape.de\/esther\/wp-json\/wp\/v2\/posts\/53","targetHints":{"allow":["GET"]}}],"collection":[{"href":"http:\/\/jule-pape.de\/esther\/wp-json\/wp\/v2\/posts"}],"about":[{"href":"http:\/\/jule-pape.de\/esther\/wp-json\/wp\/v2\/types\/post"}],"author":[{"embeddable":true,"href":"http:\/\/jule-pape.de\/esther\/wp-json\/wp\/v2\/users\/1"}],"replies":[{"embeddable":true,"href":"http:\/\/jule-pape.de\/esther\/wp-json\/wp\/v2\/comments?post=53"}],"version-history":[{"count":1,"href":"http:\/\/jule-pape.de\/esther\/wp-json\/wp\/v2\/posts\/53\/revisions"}],"predecessor-version":[{"id":54,"href":"http:\/\/jule-pape.de\/esther\/wp-json\/wp\/v2\/posts\/53\/revisions\/54"}],"wp:attachment":[{"href":"http:\/\/jule-pape.de\/esther\/wp-json\/wp\/v2\/media?parent=53"}],"wp:term":[{"taxonomy":"category","embeddable":true,"href":"http:\/\/jule-pape.de\/esther\/wp-json\/wp\/v2\/categories?post=53"},{"taxonomy":"post_tag","embeddable":true,"href":"http:\/\/jule-pape.de\/esther\/wp-json\/wp\/v2\/tags?post=53"}],"curies":[{"name":"wp","href":"https:\/\/api.w.org\/{rel}","templated":true}]}}