{"id":27,"date":"2014-02-13T15:12:01","date_gmt":"2014-02-13T13:12:01","guid":{"rendered":"http:\/\/jule-pape.de\/esther\/?p=27"},"modified":"2014-03-07T00:59:02","modified_gmt":"2014-03-06T22:59:02","slug":"inhalt","status":"publish","type":"post","link":"http:\/\/jule-pape.de\/esther\/inhalt\/","title":{"rendered":"Inhalt"},"content":{"rendered":"<ul>\n<li><a href=\"http:\/\/jule-pape.de\/esther\/ueber-den-autor\/\" target=\"_blank\">\u00dcber den Autor<\/a><\/li>\n<li><a href=\"http:\/\/jule-pape.de\/esther\/einfuehrung\/\" target=\"_blank\">Einf\u00fchrung<\/a><\/li>\n<li><a href=\"http:\/\/jule-pape.de\/esther\/kommentar-der-rechercheassistentin\/\" target=\"_blank\">Kommentar der Rechercheassistentin<\/a><\/li>\n<li><a href=\"http:\/\/jule-pape.de\/esther\/esther-die-ganze-magilla\/\" target=\"_blank\">Esther &#8211; die ganze Magilla<\/a><\/li>\n<li><a href=\"http:\/\/jule-pape.de\/esther\/einfuehrung-lueckentext\/\" target=\"_blank\">Einf\u00fchrung L\u00fcckentext<\/a> &#8211; und die <a href=\"http:\/\/jule-pape.de\/esther\/einfuehrung-ausgefuellt\/\" target=\"_blank\">L\u00f6sung<\/a><\/li>\n<\/ul>\n<p>&nbsp;<\/p>\n<p>und ab hier kommen die einzelnen Lektionen<\/p>\n<ol>\n<li><a href=\"http:\/\/jule-pape.de\/esther\/schmeiss-eine-koenigliche-party\/\" target=\"_blank\">Schmei\u00df eine k\u00f6nigliche Party<\/a><\/li>\n<li><a href=\"http:\/\/jule-pape.de\/esther\/und-es-geschah\/\" target=\"_blank\">Und es geschah<\/a><\/li>\n<li><a href=\"http:\/\/jule-pape.de\/esther\/verweigerung-eines-koeniglichen-befehls\/\" target=\"_blank\">Verweigerung eines k\u00f6niglichen Befehls<\/a><\/li>\n<li><a href=\"http:\/\/jule-pape.de\/esther\/ein-koeniglicher-wutanfall\/\" target=\"_blank\">Ein k\u00f6niglicher Wutanfall<\/a><\/li>\n<li><a href=\"http:\/\/jule-pape.de\/esther\/versandte-vergeltung\/\" target=\"_blank\">Versandte Vergeltung<\/a><br \/>\n<a href=\"http:\/\/jule-pape.de\/esther\/p-u-r-i-m\/\" target=\"_blank\">PURIM<\/a><\/li>\n<li>&#8230;<\/li>\n<\/ol>\n","protected":false},"excerpt":{"rendered":"<p>\u00dcber den Autor Einf\u00fchrung Kommentar der Rechercheassistentin Esther &#8211; die ganze Magilla Einf\u00fchrung L\u00fcckentext &#8211; und die L\u00f6sung &nbsp; und ab hier kommen die einzelnen Lektionen Schmei\u00df eine k\u00f6nigliche Party Und es geschah Verweigerung eines k\u00f6niglichen Befehls Ein k\u00f6niglicher Wutanfall Versandte Vergeltung PURIM &#8230;<\/p>\n","protected":false},"author":1,"featured_media":0,"comment_status":"closed","ping_status":"closed","sticky":true,"template":"","format":"standard","meta":{"footnotes":""},"categories":[1],"tags":[],"class_list":["post-27","post","type-post","status-publish","format-standard","hentry","category-allgemein"],"_links":{"self":[{"href":"http:\/\/jule-pape.de\/esther\/wp-json\/wp\/v2\/posts\/27","targetHints":{"allow":["GET"]}}],"collection":[{"href":"http:\/\/jule-pape.de\/esther\/wp-json\/wp\/v2\/posts"}],"about":[{"href":"http:\/\/jule-pape.de\/esther\/wp-json\/wp\/v2\/types\/post"}],"author":[{"embeddable":true,"href":"http:\/\/jule-pape.de\/esther\/wp-json\/wp\/v2\/users\/1"}],"replies":[{"embeddable":true,"href":"http:\/\/jule-pape.de\/esther\/wp-json\/wp\/v2\/comments?post=27"}],"version-history":[{"count":5,"href":"http:\/\/jule-pape.de\/esther\/wp-json\/wp\/v2\/posts\/27\/revisions"}],"predecessor-version":[{"id":57,"href":"http:\/\/jule-pape.de\/esther\/wp-json\/wp\/v2\/posts\/27\/revisions\/57"}],"wp:attachment":[{"href":"http:\/\/jule-pape.de\/esther\/wp-json\/wp\/v2\/media?parent=27"}],"wp:term":[{"taxonomy":"category","embeddable":true,"href":"http:\/\/jule-pape.de\/esther\/wp-json\/wp\/v2\/categories?post=27"},{"taxonomy":"post_tag","embeddable":true,"href":"http:\/\/jule-pape.de\/esther\/wp-json\/wp\/v2\/tags?post=27"}],"curies":[{"name":"wp","href":"https:\/\/api.w.org\/{rel}","templated":true}]}}